{"id":1142,"date":"2023-01-05T09:36:23","date_gmt":"2023-01-05T09:36:23","guid":{"rendered":"https:\/\/slide.reu.pub.ro\/?p=1142"},"modified":"2024-03-21T10:33:05","modified_gmt":"2024-03-21T10:33:05","slug":"apsu-conference-in-sevilla","status":"publish","type":"post","link":"https:\/\/www.slide-erasmus.eu\/index.php\/2023\/01\/05\/apsu-conference-in-sevilla\/","title":{"rendered":"ApSU Conference in Sevilla"},"content":{"rendered":"\n<p>16\/12\/22 &#8211; Seville<\/p>\n\n\n\n<div class=\"wp-block-columns is-layout-flex wp-container-core-columns-is-layout-9d6595d7 wp-block-columns-is-layout-flex\">\n<div class=\"wp-block-column is-layout-flow wp-block-column-is-layout-flow\" style=\"flex-basis:33.33%\">\n<figure class=\"wp-block-image size-large is-resized\"><img loading=\"lazy\" decoding=\"async\" src=\"https:\/\/easlhe-slide.uantwerpen.be\/wp-content\/uploads\/2023\/01\/XV-incontro-REDAPS-1-734x1024.png\" alt=\"\" class=\"wp-image-1154\" width=\"178\" height=\"248\" srcset=\"https:\/\/www.slide-erasmus.eu\/wp-content\/uploads\/2023\/01\/XV-incontro-REDAPS-1-734x1024.png 734w, https:\/\/www.slide-erasmus.eu\/wp-content\/uploads\/2023\/01\/XV-incontro-REDAPS-1-215x300.png 215w, https:\/\/www.slide-erasmus.eu\/wp-content\/uploads\/2023\/01\/XV-incontro-REDAPS-1-768x1072.png 768w, https:\/\/www.slide-erasmus.eu\/wp-content\/uploads\/2023\/01\/XV-incontro-REDAPS-1.png 860w\" sizes=\"auto, (max-width: 178px) 100vw, 178px\" \/><\/figure>\n<\/div>\n\n\n\n<div class=\"wp-block-column is-layout-flow wp-block-column-is-layout-flow\" style=\"flex-basis:66.66%\">\n<p>The Spanish Service-Learning Network (<a rel=\"noreferrer noopener\" href=\"https:\/\/www.aprendizajeservicio.net\/xv-encuentro-estatal-de-aprendizaje-servicio\/\" target=\"_blank\">REDAPS<\/a>) held its 15th meeting on 16 December 2022. The meeting was organised by the City Council of Seville, the Ministry of Education and Vocational Training and the Spanish Network of Service-Learning with the collaboration of the Edeb\u00e9 Foundation and the Andalusian Network of Service-Learning.<\/p>\n<\/div>\n<\/div>\n\n\n\n<p>The event was held in a dual format: in person and online, and included a presentation of the Service-Learning Awards 2022, sponsored by DKV Seguros, Fundaci\u00f3n la Caixa, CENEAM (Ministry of Ecological Transition and the Demographic Challenge), OEI (Organisation of Ibero-American States), Fundaci\u00f3n Ana Bella, Mullor S. A, Educo, Plena Inclusi\u00f3n, Torresco, Esemtia, Fundaci\u00f3n Princesa de Girona, Esade, Arci Nature, ACES-Andaluc\u00eda, Edeb\u00e9, REDAPS and Seville City Council.<\/p>\n\n\n\n<div class=\"wp-block-columns is-layout-flex wp-container-core-columns-is-layout-9d6595d7 wp-block-columns-is-layout-flex\">\n<div class=\"wp-block-column is-layout-flow wp-block-column-is-layout-flow\">\n<p>During the\u00a0meeting\u00a0a<strong> letter of intent<\/strong> was signed for the creation of a <strong>pan-European Service-Learning network<\/strong>. The declaration was signed by following countries:<\/p>\n<\/div>\n\n\n\n<div class=\"wp-block-column is-layout-flow wp-block-column-is-layout-flow\">\n<figure class=\"wp-block-image size-full is-resized\"><img loading=\"lazy\" decoding=\"async\" src=\"https:\/\/easlhe-slide.uantwerpen.be\/wp-content\/uploads\/2023\/01\/Photo-1-1.jpeg\" alt=\"\" class=\"wp-image-1155\" width=\"337\" height=\"176\" srcset=\"https:\/\/www.slide-erasmus.eu\/wp-content\/uploads\/2023\/01\/Photo-1-1.jpeg 837w, https:\/\/www.slide-erasmus.eu\/wp-content\/uploads\/2023\/01\/Photo-1-1-300x157.jpeg 300w, https:\/\/www.slide-erasmus.eu\/wp-content\/uploads\/2023\/01\/Photo-1-1-768x402.jpeg 768w\" sizes=\"auto, (max-width: 337px) 100vw, 337px\" \/><\/figure>\n<\/div>\n<\/div>\n\n\n\n<ul class=\"wp-block-list\">\n<li>Italy \u2013 with the participation of the EIS Postgraduate School of LUMSA University and INDIRE<\/li>\n\n\n\n<li>Spain \u2013&nbsp;with REDAPS&nbsp;<\/li>\n\n\n\n<li>Rom\u00e2nia \u2013 with Funda\u021bia Noi Orizonturi&nbsp;<\/li>\n\n\n\n<li>Bosnia-Herzegovina \u2013&nbsp;with Mios Tuzla<\/li>\n\n\n\n<li>Switzerland \u2013&nbsp;with Zentrum Service-Learning Schweiz&nbsp;<\/li>\n\n\n\n<li>Germany \u2013&nbsp;with Lernen Durch Engagement&nbsp;<\/li>\n\n\n\n<li>Argentina \u2013&nbsp;with CLAYSS<\/li>\n<\/ul>\n\n\n\n<div class=\"wp-block-buttons is-layout-flex wp-block-buttons-is-layout-flex\">\n<div class=\"wp-block-button\"><a class=\"wp-block-button__link wp-element-button\" href=\"https:\/\/www.youtube.com\/watch?v=V2M4peLNkog\" target=\"_blank\" rel=\"noreferrer noopener\">Watch the conference video (Spanish)<\/a><\/div>\n<\/div>\n","protected":false},"excerpt":{"rendered":"<p>16\/12\/22 &#8211; Seville The Spanish Service-Learning Network (REDAPS) held its 15th meeting on 16 December 2022. The meeting was organised by the City Council of Seville, the Ministry of Education and Vocational Training and the Spanish Network of Service-Learning with the collaboration of the Edeb\u00e9 Foundation and the Andalusian Network of Service-Learning. The event was [&hellip;]<\/p>\n","protected":false},"author":5,"featured_media":0,"comment_status":"closed","ping_status":"closed","sticky":false,"template":"","format":"standard","meta":{"footnotes":""},"categories":[17,14,15],"tags":[],"class_list":["post-1142","post","type-post","status-publish","format-standard","hentry","category-conference","category-event","category-news"],"_links":{"self":[{"href":"https:\/\/www.slide-erasmus.eu\/index.php\/wp-json\/wp\/v2\/posts\/1142","targetHints":{"allow":["GET"]}}],"collection":[{"href":"https:\/\/www.slide-erasmus.eu\/index.php\/wp-json\/wp\/v2\/posts"}],"about":[{"href":"https:\/\/www.slide-erasmus.eu\/index.php\/wp-json\/wp\/v2\/types\/post"}],"author":[{"embeddable":true,"href":"https:\/\/www.slide-erasmus.eu\/index.php\/wp-json\/wp\/v2\/users\/5"}],"replies":[{"embeddable":true,"href":"https:\/\/www.slide-erasmus.eu\/index.php\/wp-json\/wp\/v2\/comments?post=1142"}],"version-history":[{"count":0,"href":"https:\/\/www.slide-erasmus.eu\/index.php\/wp-json\/wp\/v2\/posts\/1142\/revisions"}],"wp:attachment":[{"href":"https:\/\/www.slide-erasmus.eu\/index.php\/wp-json\/wp\/v2\/media?parent=1142"}],"wp:term":[{"taxonomy":"category","embeddable":true,"href":"https:\/\/www.slide-erasmus.eu\/index.php\/wp-json\/wp\/v2\/categories?post=1142"},{"taxonomy":"post_tag","embeddable":true,"href":"https:\/\/www.slide-erasmus.eu\/index.php\/wp-json\/wp\/v2\/tags?post=1142"}],"curies":[{"name":"wp","href":"https:\/\/api.w.org\/{rel}","templated":true}]}}